{"id":5238,"date":"2024-09-19T15:31:10","date_gmt":"2024-09-19T13:31:10","guid":{"rendered":"https:\/\/mavitecenvironmental.com\/?p=5238"},"modified":"2024-09-19T15:40:25","modified_gmt":"2024-09-19T13:40:25","slug":"mavitec-expands-to-india","status":"publish","type":"post","link":"https:\/\/mavitecenvironmental.com\/pt\/mavitec-expands-to-india\/","title":{"rendered":"Mavitec expande-se para a \u00cdndia com novas instala\u00e7\u00f5es de fabrico"},"content":{"rendered":"<div data-elementor-type=\"wp-post\" data-elementor-id=\"5238\" class=\"elementor elementor-5238\" data-elementor-post-type=\"post\">\n\t\t\t\t\t\t<section class=\"elementor-section elementor-top-section elementor-element elementor-element-576d577f elementor-section-boxed elementor-section-height-default elementor-section-height-default\" data-id=\"576d577f\" data-element_type=\"section\" data-e-type=\"section\">\n\t\t\t\t\t\t<div class=\"elementor-container elementor-column-gap-default\">\n\t\t\t\t\t<div class=\"elementor-column elementor-col-100 elementor-top-column elementor-element elementor-element-703f2226\" data-id=\"703f2226\" data-element_type=\"column\" data-e-type=\"column\">\n\t\t\t<div class=\"elementor-widget-wrap elementor-element-populated\">\n\t\t\t\t\t\t<div class=\"elementor-element elementor-element-2dfcc2f6 elementor-widget elementor-widget-text-editor\" data-id=\"2dfcc2f6\" data-element_type=\"widget\" data-e-type=\"widget\" data-widget_type=\"text-editor.default\">\n\t\t\t\t<div class=\"elementor-widget-container\">\n\t\t\t\t\t\t\t\t\tTemos o prazer de anunciar que a Mavitec expandiu as suas opera\u00e7\u00f5es com a abertura de uma nova unidade de fabrico em Coimbatore, na \u00cdndia: <em>Mavitec Recycling Solutions Pvt Ltd<\/em>. Este \u00e9 o nosso terceiro local de fabrico e orgulhamo-nos de refor\u00e7ar ainda mais o nosso compromisso para com o mercado indiano, proporcionando um melhor fornecimento, servi\u00e7o e apoio locais.\r\n<h3>Capacidades de fabrico melhoradas<\/h3>\r\nAs novas instala\u00e7\u00f5es t\u00eam uma \u00e1rea de 2.325 m\u00b2 (25.000 p\u00e9s quadrados) num terreno de 2 acres (8.000 m\u00b2) e est\u00e3o equipadas com maquinaria de \u00faltima gera\u00e7\u00e3o que cumpre as normas de qualidade europeias. Este investimento aumentar\u00e1 a nossa capacidade de produ\u00e7\u00e3o e ajudar-nos-\u00e1 a satisfazer a procura crescente das nossas solu\u00e7\u00f5es de reciclagem na \u00cdndia de forma mais eficiente.\r\n<h3>Empenhados em apoiar o mercado indiano<\/h3>\r\nCom esta nova localiza\u00e7\u00e3o, estamos bem posicionados para fornecer aos nossos clientes indianos um apoio local \u00f3timo e tempos de resposta mais r\u00e1pidos. Esta expans\u00e3o reflecte a nossa dedica\u00e7\u00e3o em fornecer solu\u00e7\u00f5es de reciclagem de alta qualidade adaptadas \u00e0s necessidades espec\u00edficas do mercado indiano.\r\n<h3>Olhando para o futuro<\/h3>\r\nEstamos gratos pela confian\u00e7a e apoio cont\u00ednuos dos nossos clientes e parceiros. A vossa parceria tem sido essencial para alcan\u00e7ar este marco. Estamos ansiosos por continuar a construir este sucesso e trabalhar em conjunto para criar solu\u00e7\u00f5es sustent\u00e1veis e inovadoras para o futuro.\r\n\r\nFique atento a mais actualiza\u00e7\u00f5es \u00e0 medida que continuamos a crescer e a ter um impacto positivo na \u00cdndia!\r\n\r\n&nbsp;\t\t\t\t\t\t\t\t<\/div>\n\t\t\t\t<\/div>\n\t\t\t\t\t<\/div>\n\t\t<\/div>\n\t\t\t\t\t<\/div>\n\t\t<\/section>\n\t\t\t\t<section class=\"elementor-section elementor-top-section elementor-element elementor-element-bd31f80 elementor-section-boxed elementor-section-height-default elementor-section-height-default\" data-id=\"bd31f80\" data-element_type=\"section\" data-e-type=\"section\">\n\t\t\t\t\t\t<div class=\"elementor-container elementor-column-gap-default\">\n\t\t\t\t\t<div class=\"elementor-column elementor-col-100 elementor-top-column elementor-element elementor-element-7004373\" data-id=\"7004373\" data-element_type=\"column\" data-e-type=\"column\">\n\t\t\t<div class=\"elementor-widget-wrap elementor-element-populated\">\n\t\t\t\t\t\t<div class=\"elementor-element elementor-element-8fd9226 elementor-arrows-position-inside elementor-pagination-position-outside elementor-widget elementor-widget-image-carousel\" data-id=\"8fd9226\" data-element_type=\"widget\" data-e-type=\"widget\" data-settings=\"{&quot;slides_to_show&quot;:&quot;1&quot;,&quot;navigation&quot;:&quot;both&quot;,&quot;autoplay&quot;:&quot;yes&quot;,&quot;pause_on_hover&quot;:&quot;yes&quot;,&quot;pause_on_interaction&quot;:&quot;yes&quot;,&quot;autoplay_speed&quot;:5000,&quot;infinite&quot;:&quot;yes&quot;,&quot;effect&quot;:&quot;slide&quot;,&quot;speed&quot;:500}\" data-widget_type=\"image-carousel.default\">\n\t\t\t\t<div class=\"elementor-widget-container\">\n\t\t\t\t\t\t\t<div class=\"elementor-image-carousel-wrapper swiper\" role=\"region\" aria-roledescription=\"carousel\" aria-label=\"Carrossel de imagens\" dir=\"ltr\">\n\t\t\t<div class=\"elementor-image-carousel swiper-wrapper\" aria-live=\"off\">\n\t\t\t\t\t\t\t\t<div class=\"swiper-slide\" role=\"group\" aria-roledescription=\"slide\" aria-label=\"1 de 3\"><figure class=\"swiper-slide-inner\"><img decoding=\"async\" class=\"swiper-slide-image\" src=\"https:\/\/mavitecenvironmental.com\/wp-content\/uploads\/elementor\/thumbs\/3A3A5739-scaled-quc951e14qc25zm30vjacw82txlnlfr55dokjnqzyg.jpg\" alt=\"Novas instala\u00e7\u00f5es de fabrico - \u00cdndia - fechar\" \/><\/figure><\/div><div class=\"swiper-slide\" role=\"group\" aria-roledescription=\"slide\" aria-label=\"2 de 3\"><figure class=\"swiper-slide-inner\"><img decoding=\"async\" class=\"swiper-slide-image\" src=\"https:\/\/mavitecenvironmental.com\/wp-content\/uploads\/elementor\/thumbs\/Manufacturing-Facility-India-staff-LQ-quc9bqyjx5ir1rv6u9yenp9jhyizjne5qlccvrstjc.jpg\" alt=\"Instala\u00e7\u00f5es de fabrico - \u00cdndia - pessoal\" \/><\/figure><\/div><div class=\"swiper-slide\" role=\"group\" aria-roledescription=\"slide\" aria-label=\"3 de 3\"><figure class=\"swiper-slide-inner\"><img decoding=\"async\" class=\"swiper-slide-image\" src=\"https:\/\/mavitecenvironmental.com\/wp-content\/uploads\/elementor\/thumbs\/Manufacturing-Facility-India-LQ-quc91ihti3icmmqeluonia8umwz3qardnxm0raz5ag.jpg\" alt=\"Novas instala\u00e7\u00f5es de fabrico - \u00cdndia\" \/><\/figure><\/div>\t\t\t<\/div>\n\t\t\t\t\t\t\t\t\t\t\t\t<div class=\"elementor-swiper-button elementor-swiper-button-prev\" role=\"button\" tabindex=\"0\">\n\t\t\t\t\t\t<i aria-hidden=\"true\" class=\"eicon-chevron-left\"><\/i>\t\t\t\t\t<\/div>\n\t\t\t\t\t<div class=\"elementor-swiper-button elementor-swiper-button-next\" role=\"button\" tabindex=\"0\">\n\t\t\t\t\t\t<i aria-hidden=\"true\" class=\"eicon-chevron-right\"><\/i>\t\t\t\t\t<\/div>\n\t\t\t\t\n\t\t\t\t\t\t\t\t\t<div class=\"swiper-pagination\"><\/div>\n\t\t\t\t\t\t\t\t\t<\/div>\n\t\t\t\t\t\t<\/div>\n\t\t\t\t<\/div>\n\t\t\t\t\t<\/div>\n\t\t<\/div>\n\t\t\t\t\t<\/div>\n\t\t<\/section>\n\t\t\t\t<\/div>","protected":false},"excerpt":{"rendered":"<p>We are excited to announce that Mavitec has expanded its operations with the opening of a new manufacturing facility in Coimbatore, India: Mavitec Recycling Solutions Pvt Ltd. This is our third manufacturing location, and we are proud to further strengthen our commitment to the Indian market by providing better local supply, service, and support. Enhanced [&hellip;]<\/p>\n","protected":false},"author":7,"featured_media":5240,"comment_status":"open","ping_status":"open","sticky":true,"template":"","format":"standard","meta":{"_acf_changed":false,"footnotes":""},"categories":[57],"tags":[],"class_list":["post-5238","post","type-post","status-publish","format-standard","has-post-thumbnail","hentry","category-news"],"acf":[],"_links":{"self":[{"href":"https:\/\/mavitecenvironmental.com\/pt\/wp-json\/wp\/v2\/posts\/5238","targetHints":{"allow":["GET"]}}],"collection":[{"href":"https:\/\/mavitecenvironmental.com\/pt\/wp-json\/wp\/v2\/posts"}],"about":[{"href":"https:\/\/mavitecenvironmental.com\/pt\/wp-json\/wp\/v2\/types\/post"}],"author":[{"embeddable":true,"href":"https:\/\/mavitecenvironmental.com\/pt\/wp-json\/wp\/v2\/users\/7"}],"replies":[{"embeddable":true,"href":"https:\/\/mavitecenvironmental.com\/pt\/wp-json\/wp\/v2\/comments?post=5238"}],"version-history":[{"count":9,"href":"https:\/\/mavitecenvironmental.com\/pt\/wp-json\/wp\/v2\/posts\/5238\/revisions"}],"predecessor-version":[{"id":5251,"href":"https:\/\/mavitecenvironmental.com\/pt\/wp-json\/wp\/v2\/posts\/5238\/revisions\/5251"}],"wp:featuredmedia":[{"embeddable":true,"href":"https:\/\/mavitecenvironmental.com\/pt\/wp-json\/wp\/v2\/media\/5240"}],"wp:attachment":[{"href":"https:\/\/mavitecenvironmental.com\/pt\/wp-json\/wp\/v2\/media?parent=5238"}],"wp:term":[{"taxonomy":"category","embeddable":true,"href":"https:\/\/mavitecenvironmental.com\/pt\/wp-json\/wp\/v2\/categories?post=5238"},{"taxonomy":"post_tag","embeddable":true,"href":"https:\/\/mavitecenvironmental.com\/pt\/wp-json\/wp\/v2\/tags?post=5238"}],"curies":[{"name":"wp","href":"https:\/\/api.w.org\/{rel}","templated":true}]}}